{"id":52321,"date":"2026-03-11T17:30:54","date_gmt":"2026-03-11T14:30:54","guid":{"rendered":"https:\/\/montenegro-real-estate.com\/?p=52321"},"modified":"2026-03-11T17:30:55","modified_gmt":"2026-03-11T14:30:55","slug":"2028-ab-uyeligi","status":"publish","type":"post","link":"https:\/\/montenegro-real-estate.com\/tr\/eu-accession-2028\/","title":{"rendered":"Karada\u011f'\u0131n 2028 AB \u00dcyeli\u011fi Fiyat Tahmini ve Yat\u0131r\u0131m Getirisi Rehberi"},"content":{"rendered":"<div style=\"font-family: 'Inter', sans-serif; color: #1a1a1a; line-height: 1.8; max-width: 1100px; margin: auto; background-color: #ffffff; padding: 0; border: 1px solid #eee;\">\n<div style=\"position: sticky; top: 0; background: #030343; color: white; padding: 15px; display: flex; justify-content: space-around; font-size: 12px; font-weight: bold; z-index: 1000; border-bottom: 3px solid #ffcc00; text-transform: uppercase; letter-spacing: 1px;\"><a style=\"color: white; text-decoration: none;\" href=\"#market-logic\">Piyasa Mant\u0131\u011f\u0131<\/a><br \/>\n<a style=\"color: white; text-decoration: none;\" href=\"#sepa-tech\">SEPA &amp; Vergi<\/a><br \/>\n<a style=\"color: white; text-decoration: none;\" href=\"#residency\">\u0130kamet<\/a><br \/>\n<a style=\"color: white; text-decoration: none;\" href=\"#hotspots\">2026 S\u0131cak Noktalar<\/a><br \/>\n<a style=\"color: white; text-decoration: none;\" href=\"#faq\">Yat\u0131r\u0131mc\u0131 SSS<\/a><\/div>\n<div style=\"background: linear-gradient(135deg, #030343 0%, #050566 100%); padding: 120px 60px; text-align: center; color: white; position: relative;\">\n<div id=\"ez-toc-container\" class=\"ez-toc-v2_0_82_2 counter-hierarchy ez-toc-counter ez-toc-grey ez-toc-container-direction\">\n<div class=\"ez-toc-title-container\">\n<p class=\"ez-toc-title\" style=\"cursor:inherit\">\u0130\u00e7indekiler<\/p>\n<span class=\"ez-toc-title-toggle\"><a href=\"#\" class=\"ez-toc-pull-right ez-toc-btn ez-toc-btn-xs ez-toc-btn-default ez-toc-toggle\" aria-label=\"\u0130\u00e7indekiler Tablosunu A\u00e7\/Kapat\"><span class=\"ez-toc-js-icon-con\"><span class=\"\"><span class=\"eztoc-hide\" style=\"display:none;\">A\u00e7\/Kapat<\/span><span class=\"ez-toc-icon-toggle-span\"><svg style=\"fill: #999;color:#999\" xmlns=\"http:\/\/www.w3.org\/2000\/svg\" class=\"list-377408\" width=\"20px\" height=\"20px\" viewbox=\"0 0 24 24\" fill=\"none\"><path d=\"M6 6H4v2h2V6zm14 0H8v2h12V6zM4 11h2v2H4v-2zm16 0H8v2h12v-2zM4 16h2v2H4v-2zm16 0H8v2h12v-2z\" fill=\"currentColor\"><\/path><\/svg><svg style=\"fill: #999;color:#999\" class=\"arrow-unsorted-368013\" xmlns=\"http:\/\/www.w3.org\/2000\/svg\" width=\"10px\" height=\"10px\" viewbox=\"0 0 24 24\" version=\"1.2\" baseprofile=\"tiny\"><path d=\"M18.2 9.3l-6.2-6.3-6.2 6.3c-.2.2-.3.4-.3.7s.1.5.3.7c.2.2.4.3.7.3h11c.3 0 .5-.1.7-.3.2-.2.3-.5.3-.7s-.1-.5-.3-.7zM5.8 14.7l6.2 6.3 6.2-6.3c.2-.2.3-.5.3-.7s-.1-.5-.3-.7c-.2-.2-.4-.3-.7-.3h-11c-.3 0-.5.1-.7.3-.2.2-.3.5-.3.7s.1.5.3.7z\"\/><\/svg><\/span><\/span><\/span><\/a><\/span><\/div>\n<nav><ul class='ez-toc-list ez-toc-list-level-1' ><li class='ez-toc-page-1 ez-toc-heading-level-1'><a class=\"ez-toc-link ez-toc-heading-1\" href=\"https:\/\/montenegro-real-estate.com\/tr\/eu-accession-2028\/#Montenegro_EU_Accession_2028_The_Final_Arbitrage\" >Karada\u011f'\u0131n 2028 AB \u00dcyeli\u011fi:<\/a><ul class='ez-toc-list-level-2' ><li class='ez-toc-heading-level-2'><a class=\"ez-toc-link ez-toc-heading-2\" href=\"https:\/\/montenegro-real-estate.com\/tr\/eu-accession-2028\/#01_The_Macro-Economic_Logic_of_2028\" >01. 2028'in Makroekonomik Mant\u0131\u011f\u0131<\/a><ul class='ez-toc-list-level-3' ><li class='ez-toc-heading-level-3'><a class=\"ez-toc-link ez-toc-heading-3\" href=\"https:\/\/montenegro-real-estate.com\/tr\/eu-accession-2028\/#The_%E2%80%9CCroatia_Rhyme%E2%80%9D_Data-Backed_Forecasts\" >\u201cH\u0131rvatistan Benzeri\u201d: Veriye Dayal\u0131 \u00d6ng\u00f6r\u00fcler<\/a><\/li><\/ul><\/li><li class='ez-toc-page-1 ez-toc-heading-level-2'><a class=\"ez-toc-link ez-toc-heading-4\" href=\"https:\/\/montenegro-real-estate.com\/tr\/eu-accession-2028\/#02_SEPA_The_%E2%80%9CSmooth_Capital%E2%80%9D_Era\" >02. SEPA &amp; \u201cSorunsuz Sermaye\u201d D\u00f6nemi<\/a><ul class='ez-toc-list-level-4' ><li class='ez-toc-heading-level-4'><ul class='ez-toc-list-level-4' ><li class='ez-toc-heading-level-4'><a class=\"ez-toc-link ez-toc-heading-5\" href=\"https:\/\/montenegro-real-estate.com\/tr\/eu-accession-2028\/#Pre-SEPA_Era_Pre-2025\" >SEPA \u00d6ncesi D\u00f6nem (2025 \u00d6ncesi)<\/a><\/li><li class='ez-toc-page-1 ez-toc-heading-level-4'><a class=\"ez-toc-link ez-toc-heading-6\" href=\"https:\/\/montenegro-real-estate.com\/tr\/eu-accession-2028\/#The_SEPA_Reality_2026\" >SEPA Ger\u00e7e\u011fi (2026 Sonras\u0131)<\/a><\/li><\/ul><\/li><li class='ez-toc-page-1 ez-toc-heading-level-3'><a class=\"ez-toc-link ez-toc-heading-7\" href=\"https:\/\/montenegro-real-estate.com\/tr\/eu-accession-2028\/#Progressive_Tax_Case_Study\" >Kademeli Vergi Vaka Analizi<\/a><\/li><\/ul><\/li><li class='ez-toc-page-1 ez-toc-heading-level-2'><a class=\"ez-toc-link ez-toc-heading-8\" href=\"https:\/\/montenegro-real-estate.com\/tr\/eu-accession-2028\/#03_The_E150000_Residency_Filter\" >03. \u20ac150.000'l\u0131k Oturum Filtresi<\/a><\/li><li class='ez-toc-page-1 ez-toc-heading-level-2'><a class=\"ez-toc-link ez-toc-heading-9\" href=\"https:\/\/montenegro-real-estate.com\/tr\/eu-accession-2028\/#04_The_2026_Profit_Hotspots\" >04. 2026 K\u00e2rl\u0131 Yat\u0131r\u0131m Noktalar\u0131<\/a><ul class='ez-toc-list-level-4' ><li class='ez-toc-heading-level-4'><ul class='ez-toc-list-level-4' ><li class='ez-toc-heading-level-4'><a class=\"ez-toc-link ez-toc-heading-10\" href=\"https:\/\/montenegro-real-estate.com\/tr\/eu-accession-2028\/#Budva_Riviera_Becici_Przno\" >Budva Rivieras\u0131 (Be\u010di\u0107i &amp; Pr\u017eno)<\/a><\/li><li class='ez-toc-page-1 ez-toc-heading-level-4'><a class=\"ez-toc-link ez-toc-heading-11\" href=\"https:\/\/montenegro-real-estate.com\/tr\/eu-accession-2028\/#The_%E2%80%9CGolden_Slope%E2%80%9D_Blizikuce\" >\u201cAlt\u0131n Yama\u00e7\u201d (Bliziku\u0107e)<\/a><\/li><\/ul><\/li><\/ul><\/li><li class='ez-toc-page-1 ez-toc-heading-level-2'><a class=\"ez-toc-link ez-toc-heading-12\" href=\"https:\/\/montenegro-real-estate.com\/tr\/eu-accession-2028\/#Frequently_Asked_Questions_Investor_FAQ\" >S\u0131k\u00e7a Sorulan Sorular (Yat\u0131r\u0131mc\u0131 SSS)<\/a><\/li><li class='ez-toc-page-1 ez-toc-heading-level-2'><a class=\"ez-toc-link ez-toc-heading-13\" href=\"https:\/\/montenegro-real-estate.com\/tr\/eu-accession-2028\/#Ready_to_Secure_Your_2028_Position\" >2028 Pozisyonunuzu G\u00fcvenceye Almaya Haz\u0131r m\u0131s\u0131n\u0131z?<\/a><\/li><\/ul><\/li><\/ul><\/nav><\/div>\n<h1 style=\"font-size: 58px; font-weight: 900; line-height: 1.1; margin-bottom: 25px;\"><span class=\"ez-toc-section\" id=\"Montenegro_EU_Accession_2028_The_Final_Arbitrage\"><\/span>Karada\u011f'\u0131n 2028 AB \u00dcyeli\u011fi:<br \/>\n<span style=\"color: #ffcc00;\">Son Arbitraj F\u0131rsat\u0131<\/span><span class=\"ez-toc-section-end\"><\/span><\/h1>\n<p style=\"font-size: 24px; max-width: 850px; margin: auto; opacity: 0.9; font-weight: 300;\">24 ayl\u0131k yat\u0131r\u0131m penceresine teknik derinlemesine bak\u0131\u015f. SEPA entegrasyonu ve 2026 kademeli vergi yasalar\u0131n\u0131n Akdeniz tarihindeki en g\u00fc\u00e7l\u00fc al\u0131m sinyali olma nedenlerinin analizi.<\/p>\n<\/div>\n<div id=\"market-logic\" style=\"padding: 80px 60px;\">\n<h2 style=\"font-size: 36px; font-weight: 800; color: #030343; border-left: 8px solid #ffcc00; padding-left: 20px; margin-bottom: 30px;\"><span class=\"ez-toc-section\" id=\"01_The_Macro-Economic_Logic_of_2028\"><\/span>01. 2028'in Makroekonomik Mant\u0131\u011f\u0131<span class=\"ez-toc-section-end\"><\/span><\/h2>\n<p>2026 y\u0131l\u0131n\u0131n ilk \u00e7eyre\u011finden itibaren, \u201c\u00fcyelik \u00f6ncesi fiyatlama\u201d penceresi kapan\u0131yor. Kurumsal ve bireysel yat\u0131r\u0131mc\u0131lar i\u00e7in hedef basit: bir \u00fclkenin aday stat\u00fcs\u00fcnden tam AB \u00fcyesine ge\u00e7ti\u011fi anda ortaya \u00e7\u0131kan <strong>likidite primi<\/strong> ni yakalamak. Karada\u011f \u015fu anda AB m\u00fcktesebat\u0131 ba\u015fl\u0131klar\u0131nda uyum sa\u011flam\u0131\u015f durumda, bu da 2028 hedef tarihini spek\u00fclatif bir umut de\u011fil, y\u00fcksek olas\u0131l\u0131kl\u0131 bir olay haline getiriyor.<\/p>\n<h3 style=\"color: #030343; margin-top: 40px;\"><span class=\"ez-toc-section\" id=\"The_%E2%80%9CCroatia_Rhyme%E2%80%9D_Data-Backed_Forecasts\"><\/span>\u201cH\u0131rvatistan Benzeri\u201d: Veriye Dayal\u0131 \u00d6ng\u00f6r\u00fcler<span class=\"ez-toc-section-end\"><\/span><\/h3>\n<p>H\u0131rvatistan 2013\u201cte kat\u0131ld\u0131\u011f\u0131nda, sahil \u00f6zelliklerindeki i\u015flem hacmi 24 ayda artt\u0131. Karada\u011f \u015fu anda \u201dBirikim A\u015famas\u0131\u201dnda. Budva ve Tivat gibi prime b\u00f6lgelerdeki fiyatlar, \u0130spanya veya Yunanistan'daki benzer Akdeniz merkezlerine k\u0131yasla h\u00e2l\u00e2 -50 daha d\u00fc\u015f\u00fck, ancak altyap\u0131 art\u0131k denk seviyeye ula\u015f\u0131yor.<\/p>\n<div style=\"background: #fdf6e3; padding: 35px; border-radius: 15px; margin: 40px 0; border: 1px solid #ffcc00;\">\n<p style=\"font-weight: 800; font-size: 22px; color: #b58900; margin-bottom: 10px;\">Karada\u011f'\u0131n 2028 AB \u00dcyeli\u011fi Fiyat Tahmini \u2013 2026 Neden Giri\u015f \u0130\u00e7in \u201cAlt\u0131n Y\u0131l\u201d<\/p>\n<p>\u015eimdi yat\u0131r\u0131m yapanlar, son \u201c\u00dcyelik S\u0131\u00e7ramas\u0131\u201d \u00f6ncesinde al\u0131m yap\u0131yor. Tarihsel olarak, en b\u00fcy\u00fck de\u011fer art\u0131\u015flar\u0131, <em>Ocak 2026 yasa de\u011fi\u015fikli\u011finden<\/em> bayraklar\u0131n g\u00f6ndere \u00e7ekildi\u011fi 24 ayl\u0131k d\u00f6nemde ger\u00e7ekle\u015fir; kurumsal fonlar, \u00fcyelik sonras\u0131 fiyat art\u0131\u015f\u0131ndan ka\u00e7\u0131nmak i\u00e7in sermayelerini piyasaya aktarmaya ba\u015flar.<\/p>\n<\/div>\n<\/div>\n<div id=\"sepa-tech\" style=\"background: #f9fbfd; padding: 80px 60px;\">\n<h2 style=\"font-size: 36px; font-weight: 800; color: #030343; margin-bottom: 30px;\"><span class=\"ez-toc-section\" id=\"02_SEPA_The_%E2%80%9CSmooth_Capital%E2%80%9D_Era\"><\/span>02. SEPA &amp; \u201cSorunsuz Sermaye\u201d D\u00f6nemi<span class=\"ez-toc-section-end\"><\/span><\/h2>\n<p>Karada\u011f'\u0131n 2025 sonlar\u0131nda <strong><a href=\"https:\/\/www.ecb.europa.eu\/paym\/retail\/sepa\/html\/index.en.html\" target=\"_blank\" rel=\"noopener\">Tek Avro \u00d6deme Alan\u0131<\/a> (SEPA)<\/strong> na entegrasyonu, 2026 i\u00e7in en sessiz ama en \u00f6nemli kataliz\u00f6rd\u00fc. Bu teknik de\u011fi\u015fim, daha \u00f6nce Bat\u0131 Avrupal\u0131 yat\u0131r\u0131mc\u0131lar\u0131 yava\u015flatan \u201cBalkan Banka Bariyeri\u201dni ortadan kald\u0131rd\u0131.<\/p>\n<div style=\"display: grid; grid-template-columns: 1fr 1fr; gap: 40px; margin: 40px 0;\">\n<div style=\"background: white; padding: 30px; border-radius: 15px; box-shadow: 0 10px 30px rgba(0,0,0,0.05);\">\n<h4 style=\"color: #030343;\"><span class=\"ez-toc-section\" id=\"Pre-SEPA_Era_Pre-2025\"><\/span>SEPA \u00d6ncesi D\u00f6nem (2025 \u00d6ncesi)<span class=\"ez-toc-section-end\"><\/span><\/h4>\n<ul style=\"padding-left: 20px;\">\n<li>3-5 g\u00fcnl\u00fck havale gecikmeleri<\/li>\n<li>\u20ac150+ SWIFT i\u015flem \u00fccretleri<\/li>\n<li>Karma\u015f\u0131k \u201cServet Kayna\u011f\u0131\u201d s\u00fcrt\u00fc\u015fmesi<\/li>\n<\/ul>\n<\/div>\n<div style=\"background: #030343; color: white; padding: 30px; border-radius: 15px; box-shadow: 0 10px 30px rgba(0,0,0,0.1);\">\n<h4 style=\"color: #ffcc00;\"><span class=\"ez-toc-section\" id=\"The_SEPA_Reality_2026\"><\/span>SEPA Ger\u00e7e\u011fi (2026 Sonras\u0131)<span class=\"ez-toc-section-end\"><\/span><\/h4>\n<ul style=\"padding-left: 20px;\">\n<li>An\u0131nda \u201cYerel\u201d transferler<\/li>\n<li>Standart \u00fccretler (genellikle &lt;\u20ac2,00)<\/li>\n<li>Sorunsuz AB \u00e7ap\u0131nda bankac\u0131l\u0131k entegrasyonu<\/li>\n<\/ul>\n<\/div>\n<\/div>\n<h3 style=\"color: #030343;\"><span class=\"ez-toc-section\" id=\"Progressive_Tax_Case_Study\"><\/span>Kademeli Vergi Vaka Analizi<span class=\"ez-toc-section-end\"><\/span><\/h3>\n<p>2026 vergi kanunu, \u201cYeni Yap\u0131\u201d varl\u0131klar\u0131n\u0131 ikinci el piyasaya kar\u015f\u0131 net bir avantajl\u0131 konuma getiriyor. \u0130kinci el m\u00fclklere art\u0131k kademeli devir vergisi (%3 ila %6) uygulan\u0131rken, KDV kay\u0131tl\u0131 geli\u015ftiriciler taraf\u0131ndan sat\u0131lan yeni villalar <strong>%0 Devir Vergisi<\/strong>, ndan yararlan\u0131yor, \u00e7\u00fcnk\u00fc KDV zaten fiyata dahil. Bu da yeni yap\u0131 l\u00fcks villalar\u0131, sermaye korumas\u0131 i\u00e7in en \u201cvergi verimli\u201d ara\u00e7 haline getiriyor.<\/p>\n<\/div>\n<div id=\"residency\" style=\"padding: 80px 60px;\">\n<h2 style=\"font-size: 36px; font-weight: 800; color: #c0392b; border-bottom: 4px solid #c0392b; display: inline-block; margin-bottom: 30px;\"><span class=\"ez-toc-section\" id=\"03_The_E150000_Residency_Filter\"><\/span>03. \u20ac150.000'l\u0131k Oturum Filtresi<span class=\"ez-toc-section-end\"><\/span><\/h2>\n<p>\u0130\u00e7i\u015fleri Bakanl\u0131\u011f\u0131, <strong>17 Ocak 2026<\/strong>, itibar\u0131yla, m\u00fclk sahipli\u011fi yoluyla oturum izni i\u00e7in kat\u0131 bir \u20ac150.000 asgari vergilendirilebilir de\u011fer uygulamas\u0131 ba\u015flatt\u0131. Bu hareket, piyasay\u0131 profesyonelle\u015ftirmek i\u00e7in tasarland\u0131. Yat\u0131r\u0131mc\u0131 i\u00e7in bu iki anlama geliyor:<\/p>\n<ol style=\"font-size: 18px; margin-top: 20px;\">\n<li><strong>Envanter Koruma:<\/strong> \u201cD\u00fc\u015f\u00fck segment\u201d spek\u00fclasyonu ortadan kalkt\u0131, kom\u015fular\u0131n\u0131z\u0131n kaliteli ve uzun vadeli payda\u015flar olmas\u0131 sa\u011fland\u0131.<\/li>\n<li><strong>\u00c7\u0131k\u0131\u015f Likiditesi:<\/strong> Oturum e\u015fi\u011fi art\u0131k belirli bir de\u011fere ba\u011fl\u0131 oldu\u011fundan, \u20ac160.000 ile \u20ac250.000 aras\u0131ndaki varl\u0131klar piyasan\u0131n en likit \u201ctatl\u0131 noktas\u0131\u201d haline geldi.<\/li>\n<\/ol>\n<\/div>\n<div id=\"hotspots\" style=\"background: #f4f7f9; padding: 80px 60px;\">\n<h2 style=\"font-size: 36px; font-weight: 800; color: #030343; text-align: center; margin-bottom: 50px;\"><span class=\"ez-toc-section\" id=\"04_The_2026_Profit_Hotspots\"><\/span>04. 2026 K\u00e2rl\u0131 Yat\u0131r\u0131m Noktalar\u0131<span class=\"ez-toc-section-end\"><\/span><\/h2>\n<div style=\"display: grid; grid-template-columns: 1fr 1fr; gap: 40px;\">\n<div style=\"background: white; border-radius: 20px; overflow: hidden; box-shadow: 0 15px 40px rgba(0,0,0,0.05);\"><img decoding=\"async\" style=\"width: 100%; height: 250px; object-fit: cover;\" src=\"https:\/\/b4414686.smushcdn.com\/4414686\/wp-content\/uploads\/2023\/02\/MREproperty-5-3.jpg?lossy=2&strip=1&avif=1\" alt=\"\" title=\"\" srcset=\"https:\/\/b4414686.smushcdn.com\/4414686\/wp-content\/uploads\/2023\/02\/MREproperty-5-3.jpg?lossy=2&amp;strip=1&amp;avif=1 1365w, https:\/\/b4414686.smushcdn.com\/4414686\/wp-content\/uploads\/2023\/02\/MREproperty-5-3-768x432.jpg?lossy=2&amp;strip=1&amp;avif=1 768w, https:\/\/b4414686.smushcdn.com\/4414686\/wp-content\/uploads\/2023\/02\/MREproperty-5-3-1066x600.jpg?lossy=2&amp;strip=1&amp;avif=1 1066w, https:\/\/b4414686.smushcdn.com\/4414686\/wp-content\/uploads\/2023\/02\/MREproperty-5-3-496x279.jpg?lossy=2&amp;strip=1&amp;avif=1 496w, https:\/\/b4414686.smushcdn.com\/4414686\/wp-content\/uploads\/2023\/02\/MREproperty-5-3.jpg?size=234x132&amp;lossy=2&amp;strip=1&amp;avif=1 234w, https:\/\/b4414686.smushcdn.com\/4414686\/wp-content\/uploads\/2023\/02\/MREproperty-5-3.jpg?size=702x395&amp;lossy=2&amp;strip=1&amp;avif=1 702w, https:\/\/b4414686.smushcdn.com\/4414686\/wp-content\/uploads\/2023\/02\/MREproperty-5-3.jpg?size=936x527&amp;lossy=2&amp;strip=1&amp;avif=1 936w, https:\/\/b4414686.smushcdn.com\/4414686\/wp-content\/uploads\/2023\/02\/MREproperty-5-3.jpg?size=1170x658&amp;lossy=2&amp;strip=1&amp;avif=1 1170w\" sizes=\"(max-width: 1365px) 100vw, 1365px\" loading=\"lazy\"><\/p>\n<div style=\"padding: 30px;\">\n<h4 style=\"font-size: 24px; color: #030343; margin-bottom: 10px;\"><span class=\"ez-toc-section\" id=\"Budva_Riviera_Becici_Przno\"><\/span>Budva Rivieras\u0131 (Be\u010di\u0107i &amp; Pr\u017eno)<span class=\"ez-toc-section-end\"><\/span><\/h4>\n<p>Turizm motorunun kalbi. Yat\u0131r\u0131mc\u0131lar, %7-9 net kira getirisi sunan sahil \u015feridindeki \u201cApart-Otel\u201dlere odaklanmal\u0131. Budva'y\u0131 havaliman\u0131na ba\u011flayan yeni altyap\u0131 projeleri, 2027'ye kadar ula\u015f\u0131m s\u00fcrelerini k\u0131saltacak.<\/p>\n<p style=\"font-weight: 900; color: #27ae60;\">Tahmin: 2026'da Sermaye Art\u0131\u015f\u0131<\/p>\n<\/div>\n<\/div>\n<div style=\"background: white; border-radius: 20px; overflow: hidden; box-shadow: 0 15px 40px rgba(0,0,0,0.05);\"><img decoding=\"async\" style=\"width: 100%; height: 250px; object-fit: cover;\" src=\"https:\/\/b4414686.smushcdn.com\/4414686\/wp-content\/uploads\/2025\/04\/pexels-redrum-visuals-12684162.jpg?lossy=2&strip=1&avif=1\" alt=\"\" title=\"\" srcset=\"https:\/\/b4414686.smushcdn.com\/4414686\/wp-content\/uploads\/2025\/04\/pexels-redrum-visuals-12684162.jpg?lossy=2&amp;strip=1&amp;avif=1 1920w, https:\/\/b4414686.smushcdn.com\/4414686\/wp-content\/uploads\/2025\/04\/pexels-redrum-visuals-12684162-768x512.jpg?lossy=2&amp;strip=1&amp;avif=1 768w, https:\/\/b4414686.smushcdn.com\/4414686\/wp-content\/uploads\/2025\/04\/pexels-redrum-visuals-12684162-1536x1024.jpg?lossy=2&amp;strip=1&amp;avif=1 1536w, https:\/\/b4414686.smushcdn.com\/4414686\/wp-content\/uploads\/2025\/04\/pexels-redrum-visuals-12684162-2048x1365.jpg?lossy=2&amp;strip=1&amp;avif=1 2048w, https:\/\/b4414686.smushcdn.com\/4414686\/wp-content\/uploads\/2025\/04\/pexels-redrum-visuals-12684162-900x600.jpg?lossy=2&amp;strip=1&amp;avif=1 900w, https:\/\/b4414686.smushcdn.com\/4414686\/wp-content\/uploads\/2025\/04\/pexels-redrum-visuals-12684162-496x331.jpg?lossy=2&amp;strip=1&amp;avif=1 496w, https:\/\/b4414686.smushcdn.com\/4414686\/wp-content\/uploads\/2025\/04\/pexels-redrum-visuals-12684162-2048x1365.jpg?size=234x156&amp;lossy=2&amp;strip=1&amp;avif=1 234w, https:\/\/b4414686.smushcdn.com\/4414686\/wp-content\/uploads\/2025\/04\/pexels-redrum-visuals-12684162-2048x1365.jpg?size=702x468&amp;lossy=2&amp;strip=1&amp;avif=1 702w, https:\/\/b4414686.smushcdn.com\/4414686\/wp-content\/uploads\/2025\/04\/pexels-redrum-visuals-12684162-2048x1365.jpg?size=1170x780&amp;lossy=2&amp;strip=1&amp;avif=1 1170w, https:\/\/b4414686.smushcdn.com\/4414686\/wp-content\/uploads\/2025\/04\/pexels-redrum-visuals-12684162-2048x1365.jpg?size=1755x1170&amp;lossy=2&amp;strip=1&amp;avif=1 1755w\" sizes=\"(max-width: 1920px) 100vw, 1920px\" loading=\"lazy\"><\/p>\n<div style=\"padding: 30px;\">\n<h4 style=\"font-size: 24px; color: #030343; margin-bottom: 10px;\"><span class=\"ez-toc-section\" id=\"The_%E2%80%9CGolden_Slope%E2%80%9D_Blizikuce\"><\/span>\u201cAlt\u0131n Yama\u00e7\u201d (Bliziku\u0107e)<span class=\"ez-toc-section-end\"><\/span><\/h4>\n<p>L\u00fcks villa geli\u015ftirmenin merkez \u00fcss\u00fc. 2026 imar k\u0131s\u0131tlamalar\u0131 nedeniyle arsa bulunabilirli\u011fi azal\u0131rken, mevcut imar izinleri \u201cdijital alt\u0131n\u201d haline geldi. Bu b\u00f6lge, gizlilik arayan ultra y\u00fcksek net de\u011ferli yat\u0131r\u0131mc\u0131lar i\u00e7in tercih edilen b\u00f6lge.<\/p>\n<p style=\"font-weight: 900; color: #27ae60;\">Tahmin: En Y\u00fcksek \u0130kinci El Getirisi (2028 \u00c7\u0131k\u0131\u015f\u0131)<\/p>\n<\/div>\n<\/div>\n<\/div>\n<\/div>\n<div id=\"faq\" style=\"padding: 80px 60px;\">\n<h2 style=\"font-size: 36px; font-weight: 800; color: #030343; text-align: center; margin-bottom: 50px;\"><span class=\"ez-toc-section\" id=\"Frequently_Asked_Questions_Investor_FAQ\"><\/span>S\u0131k\u00e7a Sorulan Sorular (Yat\u0131r\u0131mc\u0131 SSS)<span class=\"ez-toc-section-end\"><\/span><\/h2>\n<div style=\"max-width: 800px; margin: auto;\">\n<div style=\"border-bottom: 1px solid #eee; padding: 20px 0;\">\n<p style=\"font-weight: 800; color: #030343; font-size: 20px;\">Yabanc\u0131lar 2026'da h\u00e2l\u00e2 Karada\u011f'da arazi sat\u0131n alabilir mi?<\/p>\n<p>Evet. Yabanc\u0131 bireyler apartman ve ev sat\u0131n alabilir. Geli\u015fmemi\u015f arsalar (5.000 m\u00b2'den b\u00fcy\u00fck) veya tar\u0131m arazileri i\u00e7in al\u0131c\u0131lar genellikle yerel bir LTD \u015firketi kurar\u2014Absolute Estate EU bu s\u00fcreci yakla\u015f\u0131k 7 i\u015f g\u00fcn\u00fcnde tamaml\u0131yor.<\/p>\n<\/div>\n<div style=\"border-bottom: 1px solid #eee; padding: 20px 0;\">\n<p style=\"font-weight: 800; color: #030343; font-size: 20px;\">2028 AB \u00fcyeli\u011fi sonras\u0131nda oturum iznim ne olacak?<\/p>\n<p>Br\u00fcksel'de \u00f6zel \u201cDedelik Haklar\u0131\u201d maddeleri h\u00e2l\u00e2 netle\u015ftirilse de, mevcut oturum sahiplerinin, varl\u0131klar\u0131n\u0131 en az 3 y\u0131l elde tutmalar\u0131 ko\u015fuluyla, AB daimi oturumu (Mavi Kart stat\u00fcs\u00fc) i\u00e7in kolayla\u015ft\u0131r\u0131lm\u0131\u015f bir yola sahip olmalar\u0131 bekleniyor.<\/p>\n<\/div>\n<div style=\"border-bottom: 1px solid #eee; padding: 20px 0;\">\n<p style=\"font-weight: 800; color: #030343; font-size: 20px;\">M\u00fclk sat\u0131\u015f\u0131nda sermaye kazanc\u0131 vergisi var m\u0131?<\/p>\n<p>Karada\u011f, sabit sermaye kazanc\u0131 vergisi uyguluyor. Ancak, m\u00fclk ana ikametg\u00e2h olarak tutuluyorsa veya belirli \u015firket yap\u0131lar\u0131 arac\u0131l\u0131\u011f\u0131yla elde tutuluyorsa, vergi azalt\u0131m\u0131 i\u00e7in \u00f6nemli yasal yollar mevcut; bunlar\u0131 \u00f6zel g\u00f6r\u00fc\u015fmelerimizde ele al\u0131yoruz.<\/p>\n<\/div>\n<\/div>\n<\/div>\n<div style=\"background: #030343; padding: 100px 60px; text-align: center; color: white;\">\n<h2 style=\"font-size: 42px; font-weight: 900; margin-bottom: 20px;\"><span class=\"ez-toc-section\" id=\"Ready_to_Secure_Your_2028_Position\"><\/span>2028 Pozisyonunuzu G\u00fcvenceye Almaya Haz\u0131r m\u0131s\u0131n\u0131z?<span class=\"ez-toc-section-end\"><\/span><\/h2>\n<p style=\"font-size: 20px; opacity: 0.8; margin-bottom: 50px;\">\u00dcyeli\u011fe haz\u0131r villalar ve sahil \u015feridi apartmanlar\u0131n\u0131 i\u00e7eren \u00f6zel \u201cPiyasa D\u0131\u015f\u0131\u201d katalo\u011fumuzu talep edin.<\/p>\n<p><a style=\"background: #ffcc00; color: #030343; padding: 25px 50px; border-radius: 50px; font-weight: 900; text-decoration: none; font-size: 22px; display: inline-block;\" href=\"https:\/\/montenegro-real-estate.com\/tr\/contact\/\">\u00d6ZEL L\u0130STEY\u0130 ALIN<\/a><\/p>\n<div style=\"margin-top: 60px; font-size: 13px; opacity: 0.5;\">Karada\u011f'\u0131n 2028 AB \u00dcyeli\u011fi Fiyat Tahmini .\u00a9 2026 MRE-Property by Absolute Estate EU.<\/div>\n<\/div>\n<\/div>","protected":false},"excerpt":{"rendered":"<p>Market Logic SEPA &amp; Tax Residency 2026 Hotspots Investor FAQ Montenegro EU Accession 2028: The Final Arbitrage A technical deep-dive into the 24-month investment window. Analyzing why SEPA integration and the 2026 progressive tax laws are the strongest buy signals in Mediterranean history. 01. The Macro-Economic Logic of 2028 As we move through the first [&hellip;]<\/p>\n","protected":false},"author":1,"featured_media":52327,"comment_status":"closed","ping_status":"closed","sticky":false,"template":"","format":"standard","meta":{"footnotes":""},"categories":[463],"tags":[491,424,429,428,426,334,12],"class_list":["post-52321","post","type-post","status-publish","format-standard","has-post-thumbnail","hentry","category-real-estate","tag-adriatic-sea","tag-buying-property-in-montenegro","tag-investment","tag-montenegro","tag-montenegro-property-investment","tag-montenegro-real-estate","tag-real-estate"],"_links":{"self":[{"href":"https:\/\/montenegro-real-estate.com\/tr\/wp-json\/wp\/v2\/posts\/52321","targetHints":{"allow":["GET"]}}],"collection":[{"href":"https:\/\/montenegro-real-estate.com\/tr\/wp-json\/wp\/v2\/posts"}],"about":[{"href":"https:\/\/montenegro-real-estate.com\/tr\/wp-json\/wp\/v2\/types\/post"}],"author":[{"embeddable":true,"href":"https:\/\/montenegro-real-estate.com\/tr\/wp-json\/wp\/v2\/users\/1"}],"replies":[{"embeddable":true,"href":"https:\/\/montenegro-real-estate.com\/tr\/wp-json\/wp\/v2\/comments?post=52321"}],"version-history":[{"count":0,"href":"https:\/\/montenegro-real-estate.com\/tr\/wp-json\/wp\/v2\/posts\/52321\/revisions"}],"wp:featuredmedia":[{"embeddable":true,"href":"https:\/\/montenegro-real-estate.com\/tr\/wp-json\/wp\/v2\/media\/52327"}],"wp:attachment":[{"href":"https:\/\/montenegro-real-estate.com\/tr\/wp-json\/wp\/v2\/media?parent=52321"}],"wp:term":[{"taxonomy":"category","embeddable":true,"href":"https:\/\/montenegro-real-estate.com\/tr\/wp-json\/wp\/v2\/categories?post=52321"},{"taxonomy":"post_tag","embeddable":true,"href":"https:\/\/montenegro-real-estate.com\/tr\/wp-json\/wp\/v2\/tags?post=52321"}],"curies":[{"name":"wp","href":"https:\/\/api.w.org\/{rel}","templated":true}]}}